{"id":4639,"date":"2023-01-31T18:32:41","date_gmt":"2023-01-31T17:32:41","guid":{"rendered":"https:\/\/www.biauxarpajonnais.org\/?p=4639"},"modified":"2023-01-31T18:32:41","modified_gmt":"2023-01-31T17:32:41","slug":"poelee-de-pommes-de-terre-navets-et-blettes","status":"publish","type":"post","link":"https:\/\/www.biauxarpajonnais.org\/index.php\/2023\/01\/31\/poelee-de-pommes-de-terre-navets-et-blettes\/","title":{"rendered":"Po\u00eal\u00e9e de pommes de terre, navets et blettes"},"content":{"rendered":"<div class=\"wp-block-image\">\n<figure class=\"alignleft size-full is-resized\"><img loading=\"lazy\" decoding=\"async\" src=\"https:\/\/www.biauxarpajonnais.org\/wp-content\/uploads\/2023\/01\/Poelee-de-pommes-de-terre-navets-et-blettes.jpg\" alt=\"\" class=\"wp-image-4640\" width=\"275\" height=\"153\" srcset=\"https:\/\/www.biauxarpajonnais.org\/wp-content\/uploads\/2023\/01\/Poelee-de-pommes-de-terre-navets-et-blettes.jpg 465w, https:\/\/www.biauxarpajonnais.org\/wp-content\/uploads\/2023\/01\/Poelee-de-pommes-de-terre-navets-et-blettes-300x167.jpg 300w\" sizes=\"auto, (max-width: 275px) 100vw, 275px\" \/><\/figure>\n<\/div>\n\n\n<p><strong>Ingr\u00e9dients 4 pers :<\/strong> <br>250g de blettes<br>300g de pommes de terre<br>00g de navets<br>1 oignon<br>1 cuil. \u00e0 caf\u00e9 de paprika moulu (facultatif)<br>20 g de beurre<br>sel\/poivre<br><br><strong>Prt\u00e9paration<\/strong><br>Pelez et hachez l&rsquo;oignon. <br>Pelez les pommes de terre et les navets, taillez-les en gros d\u00e9s. <br>D\u00e9tachez le vert des c\u00f4tes de blettes, \u00e9mincez les s\u00e9par\u00e9ment. <br>Portez un grand volume d&rsquo;eau sal\u00e9e \u00e0 \u00e9bullition et placez-y les pommes de terres, les navets et les c\u00f4tes de blettes. <br>Laissez cuire 15 min puis \u00e9gouttez. <br>Faites chauffer le beurre dans une grande sauteuse, ajoutez le paprika. <br>Lorsque le beurre est mousseux, placez-y l&rsquo;oignon hach\u00e9. Laissez-le dorer 5-10min, il doit \u00eatre bien blond. <br>Ajoutez les d\u00e9s de pommes de terre et de navets ainsi que les c\u00f4tes de blettes. <br>M\u00e9langez et cuire 5 min environ.<br>Ajoutez alors les feuilles \u00e9minc\u00e9es d&rsquo;un coup et couvrez 2 min. <br>Retirez le couvercle et m\u00e9langez soigneusement, jusqu&rsquo;\u00e0 ce que toutes les feuilles de blettes soient \u00ab\u00a0tomb\u00e9es\u00a0\u00bb. <br>Salez, poivrez, m\u00e9langez bien. <br>Servez bien chaud.<\/p>\n","protected":false},"excerpt":{"rendered":"<p>Ingr\u00e9dients 4 pers : 250g de blettes300g de pommes de terre00g de navets1 oignon1 cuil. \u00e0 caf\u00e9 de paprika moulu (facultatif)20 g de beurresel\/poivre Prt\u00e9parationPelez et hachez l&rsquo;oignon. Pelez les pommes de terre et les navets, taillez-les en gros d\u00e9s&#8230;.<\/p>\n","protected":false},"author":4,"featured_media":0,"comment_status":"open","ping_status":"open","sticky":false,"template":"","format":"standard","meta":{"footnotes":""},"categories":[17,28],"tags":[],"class_list":["post-4639","post","type-post","status-publish","format-standard","hentry","category-blettes","category-navets","no-post-thumbnail"],"_links":{"self":[{"href":"https:\/\/www.biauxarpajonnais.org\/index.php\/wp-json\/wp\/v2\/posts\/4639","targetHints":{"allow":["GET"]}}],"collection":[{"href":"https:\/\/www.biauxarpajonnais.org\/index.php\/wp-json\/wp\/v2\/posts"}],"about":[{"href":"https:\/\/www.biauxarpajonnais.org\/index.php\/wp-json\/wp\/v2\/types\/post"}],"author":[{"embeddable":true,"href":"https:\/\/www.biauxarpajonnais.org\/index.php\/wp-json\/wp\/v2\/users\/4"}],"replies":[{"embeddable":true,"href":"https:\/\/www.biauxarpajonnais.org\/index.php\/wp-json\/wp\/v2\/comments?post=4639"}],"version-history":[{"count":2,"href":"https:\/\/www.biauxarpajonnais.org\/index.php\/wp-json\/wp\/v2\/posts\/4639\/revisions"}],"predecessor-version":[{"id":4642,"href":"https:\/\/www.biauxarpajonnais.org\/index.php\/wp-json\/wp\/v2\/posts\/4639\/revisions\/4642"}],"wp:attachment":[{"href":"https:\/\/www.biauxarpajonnais.org\/index.php\/wp-json\/wp\/v2\/media?parent=4639"}],"wp:term":[{"taxonomy":"category","embeddable":true,"href":"https:\/\/www.biauxarpajonnais.org\/index.php\/wp-json\/wp\/v2\/categories?post=4639"},{"taxonomy":"post_tag","embeddable":true,"href":"https:\/\/www.biauxarpajonnais.org\/index.php\/wp-json\/wp\/v2\/tags?post=4639"}],"curies":[{"name":"wp","href":"https:\/\/api.w.org\/{rel}","templated":true}]}}