{"id":1678,"date":"2020-07-30T11:55:14","date_gmt":"2020-07-30T09:55:14","guid":{"rendered":"https:\/\/www.biauxarpajonnais.org\/?p=1678"},"modified":"2020-08-30T15:49:49","modified_gmt":"2020-08-30T13:49:49","slug":"assemblee-generale-le-15-septembre-2020","status":"publish","type":"post","link":"https:\/\/www.biauxarpajonnais.org\/index.php\/2020\/07\/30\/assemblee-generale-le-15-septembre-2020\/","title":{"rendered":"Assembl\u00e9e G\u00e9n\u00e9rale le 15 septembre 2020"},"content":{"rendered":"\n<p>Apr\u00e8s toutes ces \u00e9preuves subies tous ensemble, nous avons enfin le plaisir de vous annoncer que notre Assembl\u00e9e G\u00e9n\u00e9rale se tiendra&nbsp;<strong>le mardi 15 septembre<\/strong>,&nbsp;<strong>\u00e0 19 h<\/strong>,&nbsp;aux Ateliers 29.<\/p>\n\n\n\n<p class=\"has-text-align-justify\"><strong>Tous les documents vous ont \u00e9t\u00e9 envoy\u00e9s :<\/strong><\/p>\n\n\n\n<ul class=\"wp-block-list\"><li><strong>Convocation avec<\/strong> l&rsquo;<strong>ordre du jour<\/strong><\/li><li><strong>Charte d&rsquo;engagement \u00e0 l&rsquo;AMAP<\/strong><\/li><li><strong>Appel \u00e0 candidature<\/strong><\/li><li><strong>Fiche de candidature<\/strong><\/li><li><strong>Pouvoir (en cas d&rsquo;absence \u00e0 cette r\u00e9union)<\/strong><\/li><\/ul>\n\n\n\n<p class=\"has-text-align-center\"><strong><span class=\"has-inline-color has-vivid-green-cyan-color\">L&rsquo;ensemble de ces documents sont \u00e9galement \u00e0 votre disposition aux distributions \u00e0 partir du vendredi 28 ao\u00fbt<\/span><\/strong><\/p>\n\n\n\n<p>Si vous souhaitez rejoindre le \u00ab\u00a0COLLECTIF\u00a0\u00bb, en qualit\u00e9 de \u00ab\u00a0&#8230;.\u00a0\u00bb, ou tout simplement nous apporter votre aide, sachez que, dans tous les cas, vous serez toujours les bienvenus ! Sans vous, l&rsquo;AMAP, \u00ab\u00a0Les Biaux Arpajonnais\u00a0\u00bb, n&rsquo;existerait pas ! &nbsp;<\/p>\n","protected":false},"excerpt":{"rendered":"<p>Apr\u00e8s toutes ces \u00e9preuves subies tous ensemble, nous avons enfin le plaisir de vous annoncer que notre Assembl\u00e9e G\u00e9n\u00e9rale se tiendra&nbsp;le mardi 15 septembre,&nbsp;\u00e0 19 h,&nbsp;aux Ateliers 29. Tous les documents vous ont \u00e9t\u00e9 envoy\u00e9s : Convocation avec l&rsquo;ordre du&#8230;<\/p>\n","protected":false},"author":4,"featured_media":281,"comment_status":"open","ping_status":"open","sticky":false,"template":"","format":"standard","meta":{"footnotes":""},"categories":[],"tags":[],"class_list":["post-1678","post","type-post","status-publish","format-standard","has-post-thumbnail","hentry"],"_links":{"self":[{"href":"https:\/\/www.biauxarpajonnais.org\/index.php\/wp-json\/wp\/v2\/posts\/1678","targetHints":{"allow":["GET"]}}],"collection":[{"href":"https:\/\/www.biauxarpajonnais.org\/index.php\/wp-json\/wp\/v2\/posts"}],"about":[{"href":"https:\/\/www.biauxarpajonnais.org\/index.php\/wp-json\/wp\/v2\/types\/post"}],"author":[{"embeddable":true,"href":"https:\/\/www.biauxarpajonnais.org\/index.php\/wp-json\/wp\/v2\/users\/4"}],"replies":[{"embeddable":true,"href":"https:\/\/www.biauxarpajonnais.org\/index.php\/wp-json\/wp\/v2\/comments?post=1678"}],"version-history":[{"count":0,"href":"https:\/\/www.biauxarpajonnais.org\/index.php\/wp-json\/wp\/v2\/posts\/1678\/revisions"}],"wp:featuredmedia":[{"embeddable":true,"href":"https:\/\/www.biauxarpajonnais.org\/index.php\/wp-json\/wp\/v2\/media\/281"}],"wp:attachment":[{"href":"https:\/\/www.biauxarpajonnais.org\/index.php\/wp-json\/wp\/v2\/media?parent=1678"}],"wp:term":[{"taxonomy":"category","embeddable":true,"href":"https:\/\/www.biauxarpajonnais.org\/index.php\/wp-json\/wp\/v2\/categories?post=1678"},{"taxonomy":"post_tag","embeddable":true,"href":"https:\/\/www.biauxarpajonnais.org\/index.php\/wp-json\/wp\/v2\/tags?post=1678"}],"curies":[{"name":"wp","href":"https:\/\/api.w.org\/{rel}","templated":true}]}}